{"id":10702,"date":"2023-03-23T15:07:36","date_gmt":"2023-03-23T12:07:36","guid":{"rendered":"https:\/\/past.hrportal.md\/?p=10702"},"modified":"2023-08-10T16:44:14","modified_gmt":"2023-08-10T13:44:14","slug":"lucrezi-in-hr-sau-esti-interesat-de-legislatia-muncii-rezerva-ti-un-loc-la-conferinta-nationala-legislatia-muncii-in-contextul-digitalizarii-si-globalizarii","status":"publish","type":"post","link":"https:\/\/past.hrportal.md\/ro\/2023\/03\/23\/lucrezi-in-hr-sau-esti-interesat-de-legislatia-muncii-rezerva-ti-un-loc-la-conferinta-nationala-legislatia-muncii-in-contextul-digitalizarii-si-globalizarii\/","title":{"rendered":"Lucrezi \u00een HR sau e\u0219ti interesat de legisla\u021bia muncii? Rezerv\u0103-\u021bi un loc la Conferin\u021ba Na\u021bional\u0103 \u201eLegisla\u021bia muncii \u00een contextul digitaliz\u0103rii \u0219i globaliz\u0103rii\u201d"},"content":{"rendered":"<h1 class=\"h2 mb-4 card-title\">Lucrezi \u00een HR sau e\u0219ti interesat de legisla\u021bia muncii? Rezerv\u0103-\u021bi un loc la Conferin\u021ba Na\u021bional\u0103 \u201eLegisla\u021bia muncii \u00een contextul digitaliz\u0103rii \u0219i globaliz\u0103rii\u201d<\/h1>\n<div class=\"card-text fs-16 mb-5\">\n<p>Asigur\u0103-te c\u0103 ai o conexiune bun\u0103 la Internet, preg\u0103te\u0219te ceaiul sau cafeaua preferat\u0103 \u0219i conecteaz\u0103-te pe platforma ZOOM la\u00a0<b>Conferin\u021ba\u00a0<\/b><b>Na\u021bional\u0103 \u201e<\/b><b>Legisla\u021bia muncii \u00een contextul digitaliz\u0103rii \u0219i globaliz\u0103rii\u201d<\/b>, unicul eveniment na\u021bional dedicat acestui domeniu organizat pentru al nou\u0103lea an consecutiv de \u200b\u200bHR Portal &#8211; pionerii outsourcing-ului \u00een Moldova.<\/p>\n<p><a href=\"https:\/\/hr-portal.md\/conferinta-hr\/?fbclid=IwAR11vsk_jmY9UCPhxk6SgfX-xFGJ3xkxTYwquCoBiZY8dszTk5rs4rYyoIQ#476624132\" target=\"_blank\" rel=\"noopener\">Conferin\u021ba\u00a0<\/a>se va desf\u0103\u0219ura pe 5 \u0219i 6 aprilie, \u00eentre ora 09:00 \u0219i 14:00, \u0219i va cuprinde:<\/p>\n<ul>\n<li aria-level=\"1\">10 prezent\u0103ri \u0219i paneluri de discu\u021bii despre cele mai recente modific\u0103ri \u00een legisla\u021bia muncii \u0219i modalitatea corect\u0103 de aplicare, studii de caz \u0219i solu\u021bii practice.<\/li>\n<li aria-level=\"1\">4 prezent\u0103ri privind proiecte de legi \u0219i modific\u0103ri relevante \u00een domeniu ca s\u0103 fii pregatit de schimb\u0103ri.<\/li>\n<li aria-level=\"1\">1 panel de discu\u021bii cu 2 prezent\u0103ri \u0219i perspective.<\/li>\n<\/ul>\n<h2><b>Ai minim 10 motive de ce s\u0103 fii prezent:<\/b><\/h2>\n<ol>\n<li aria-level=\"1\">Vei avea acces la expertiza a 15 exper\u021bi din diferite domenii conexe domeniului resurse umane.<\/li>\n<li aria-level=\"1\">Vei afla explica\u021bii direct de la autorii actelor normative.<\/li>\n<li aria-level=\"1\">Vei dezvolta competen\u021be vaste \u00een domeniul resurselor umane.<\/li>\n<li aria-level=\"1\">Vei cunoa\u0219te abord\u0103ri noi \u0219i multilaterale despre legisla\u021bia muncii.<\/li>\n<li aria-level=\"1\">Vei afla cum s\u0103 aplici cu succes modific\u0103rile ce urmeaz\u0103 a fi operate \u00een legisla\u021bia muncii.<\/li>\n<li aria-level=\"1\">Vei analiza studii de caz cu informa\u021bii practice la care nu ai acces zi de zi.<\/li>\n<li aria-level=\"1\">Vei c\u00e2\u0219tiga noi experien\u021be din exemple \u0219i bune practici.<\/li>\n<li aria-level=\"1\">Vei putea face networking cu profesioni\u0219ti de calitate.<\/li>\n<li aria-level=\"1\">Vei putea s\u0103-\u021bi faci p\u0103rerea auzit\u0103 \u0219i astfel s\u0103 \u00eembun\u0103t\u0103\u021be\u0219ti legisla\u021bia muncii<\/li>\n<li aria-level=\"1\">Vei putea c\u00e2\u0219tiga premii la tombola de la finalul evenimentului.<\/li>\n<\/ol>\n<p>Locurile sunt limitate &#8211; doar 100 de doritori vor avea parte de informa\u021bii valoroase de la exper\u021bii cu vast\u0103 experien\u021b\u0103 \u00een domeniu. Iar ca s\u0103 te convingi \u0219i mai mult c\u0103 trebuie s\u0103 fii unul dintre participan\u021bi, iat\u0103 agenda subiectelor evenimentului:<\/p>\n<h2><b>5 aprilie: Legisla\u021bia Muncii<\/b><\/h2>\n<ul>\n<li aria-level=\"1\">Igor Ciloci, \u0218ef adjunct direc\u021bie, MMPS: Securitatea \u0219i s\u0103n\u0103tatea \u00een munc\u0103 \u00een noile forme de munc\u0103. Munca la distan\u021b\u0103 &#8211; obliga\u021bia angajatului sau angajatorului, ce spune noul proiect de lege.<\/li>\n<li aria-level=\"1\">Alina Andronache, coordonatoare de proiect CPD, autoare a proiectului de lege: Salarizarea egal\u0103 pentru munca egal\u0103: recomand\u0103ri \u0219i instrumente. 4 dimensiuni din legisla\u021bie pe care angajatorul trebuie s\u0103 le respecte.<\/li>\n<li aria-level=\"1\">Ministerul Muncii, Ministerul Finan\u021belor: HG 743 cu privire la salarizarea angaja\u0163ilor din unit\u0103\u0163ile cu autonomie financiar\u0103: neclarit\u0103\u021bi, aspecte contradictorii \u0219i dificult\u0103\u021bi de aplicare.<\/li>\n<li aria-level=\"1\">Vadim Juravschi, Director interimar, ISM, Inspectoratul Fiscal: Noua metodologie de efectuare a controlului de stat.<\/li>\n<li aria-level=\"1\">Eduard Boi\u0219teanu, Avocat, conferen\u021biar universitar: Regulamentul intern \u2013 devine op\u021bional, dar ce riscuri implic\u0103 lipsa acestuia pentru HR \u0219i angajator.<\/li>\n<\/ul>\n<h2><b>6 aprilie: Digitalizarea domeniului HR<\/b><\/h2>\n<ul>\n<li aria-level=\"1\">Olga Demian, Consultant protec\u021bia datelor: Digitalizarea \u0219i globalizarea &#8211; impactul privind datele personale ale angaja\u021bilor. Tendin\u021be \u0219i proiecte noi \u00een domeniul legisla\u021biei protec\u021biei datelor.<\/li>\n<li aria-level=\"1\">Olga Demian, Consultant protec\u021bia datelor: Reguli \u0219i cerin\u021be de protec\u021bie a datelor HR \u00een contextul rela\u021biilor de colaborare cu companii UE: discrepan\u021ba dintre prevederile RM \u0219i normele UE. Ce trebuie s\u0103 faci la modul practic ca s\u0103 corespunzi acestora.<\/li>\n<li aria-level=\"1\">Ajder Corina, Secretar de Stat, Domeniul raporturi de munc\u0103 \u0219i asigur\u0103ri sociale: Vouchere pentru zilieri, registrul angaja\u021bilor online: Ini\u021biative \u0219i proiecte de modificare a legisla\u021biei muncii.<\/li>\n<li aria-level=\"1\">Elena Levin\u021ba-Perciun, Consultant HR, Expert sisteme de evaluare \u0219i analiz\u0103 a posturilor: Cum implement\u0103m \u0219i aplic\u0103m corect procedura de evaluare a performan\u021bei individuale a salariatului.<\/li>\n<li aria-level=\"1\">Vera Valu\u021ba, BMA: Noi prevederi privind perfectarea permisului de munc\u0103 \u0219i angajarea str\u0103inilor. Proiectul de lege \u0219i Reforma Biroului de Migra\u021bie.<\/li>\n<\/ul>\n<p>Ce spui? Suficient de captivant ca s\u0103 te al\u0103turi \u0219i tu?<\/p>\n<p><a href=\"https:\/\/hr-portal.md\/conferinta-hr\/?fbclid=IwAR11vsk_jmY9UCPhxk6SgfX-xFGJ3xkxTYwquCoBiZY8dszTk5rs4rYyoIQ#476624132\">Rezerv\u0103-\u021bi locul,<\/a>\u00a0achizi\u021bion\u00e2nd unul din cele dou\u0103 pachete disponibile la pre\u021buri promo\u021bionale, valabile p\u00e2n\u0103 pe 25 martie. Urm\u0103re\u0219te evenimentul \u0219i pe\u00a0<a href=\"https:\/\/www.facebook.com\/events\/6066075860125979?active_tab=about\">Facebook,<\/a>\u00a0iar pentru orice informa\u021bii suplimentare sun\u0103-ne la num\u0103rul de telefon\u00a0+373 60 84 00 41.<\/p>\n<\/div>\n","protected":false},"excerpt":{"rendered":"<p>Lucrezi \u00een HR sau e\u0219ti interesat de legisla\u021bia muncii? Rezerv\u0103-\u021bi un loc la Conferin\u021ba Na\u021bional\u0103&#8230;<\/p>\n","protected":false},"author":5,"featured_media":10696,"comment_status":"closed","ping_status":"closed","sticky":false,"template":"","format":"standard","meta":{"footnotes":""},"categories":[62,5],"tags":[],"class_list":["post-10702","post","type-post","status-publish","format-standard","has-post-thumbnail","hentry","category-blog","category-news"],"yoast_head":"<!-- This site is optimized with the Yoast SEO plugin v27.4 - https:\/\/yoast.com\/product\/yoast-seo-wordpress\/ -->\n<title>Lucrezi \u00een HR sau e\u0219ti interesat de legisla\u021bia muncii? Rezerv\u0103-\u021bi un loc la Conferin\u021ba Na\u021bional\u0103 \u201eLegisla\u021bia muncii \u00een contextul digitaliz\u0103rii \u0219i globaliz\u0103rii\u201d | HRPortal<\/title>\n<meta name=\"description\" content=\"Dac\u0103 e\u0219ti specialist \u00een resurse umane, contabil, jurist, director de companie, reprezentant ONG, liber profesionist sau, pur \u0219i simplu, interesat de drepturile \u0219i obliga\u021biile \u00een calitate de angajat sau angajator, atunci\u00a0rezerv\u0103 zilele de 5 \u0219i 6 aprilie \u00een calendarul t\u0103u.\" \/>\n<meta name=\"robots\" content=\"index, follow, max-snippet:-1, max-image-preview:large, max-video-preview:-1\" \/>\n<link rel=\"canonical\" href=\"https:\/\/past.hrportal.md\/ro\/2023\/03\/23\/lucrezi-in-hr-sau-esti-interesat-de-legislatia-muncii-rezerva-ti-un-loc-la-conferinta-nationala-legislatia-muncii-in-contextul-digitalizarii-si-globalizarii\/\" \/>\n<meta property=\"og:locale\" content=\"ro_RO\" \/>\n<meta property=\"og:type\" content=\"article\" \/>\n<meta property=\"og:title\" content=\"Lucrezi \u00een HR sau e\u0219ti interesat de legisla\u021bia muncii? Rezerv\u0103-\u021bi un loc la Conferin\u021ba Na\u021bional\u0103 \u201eLegisla\u021bia muncii \u00een contextul digitaliz\u0103rii \u0219i globaliz\u0103rii\u201d | HRPortal\" \/>\n<meta property=\"og:description\" content=\"Dac\u0103 e\u0219ti specialist \u00een resurse umane, contabil, jurist, director de companie, reprezentant ONG, liber profesionist sau, pur \u0219i simplu, interesat de drepturile \u0219i obliga\u021biile \u00een calitate de angajat sau angajator, atunci\u00a0rezerv\u0103 zilele de 5 \u0219i 6 aprilie \u00een calendarul t\u0103u.\" \/>\n<meta property=\"og:url\" content=\"https:\/\/past.hrportal.md\/ro\/2023\/03\/23\/lucrezi-in-hr-sau-esti-interesat-de-legislatia-muncii-rezerva-ti-un-loc-la-conferinta-nationala-legislatia-muncii-in-contextul-digitalizarii-si-globalizarii\/\" \/>\n<meta property=\"og:site_name\" content=\"HRPortal\" \/>\n<meta property=\"article:author\" content=\"https:\/\/www.facebook.com\/hr.portal.1\/\" \/>\n<meta property=\"article:published_time\" content=\"2023-03-23T12:07:36+00:00\" \/>\n<meta property=\"article:modified_time\" content=\"2023-08-10T13:44:14+00:00\" \/>\n<meta property=\"og:image\" content=\"https:\/\/past.hrportal.md\/wp-content\/uploads\/2023\/03\/Facebook-Baner-Conferinta-fara-logo-rabota.md_.png\" \/>\n\t<meta property=\"og:image:width\" content=\"3840\" \/>\n\t<meta property=\"og:image:height\" content=\"2010\" \/>\n\t<meta property=\"og:image:type\" content=\"image\/png\" \/>\n<meta name=\"author\" content=\"HREditor\" \/>\n<meta name=\"twitter:card\" content=\"summary_large_image\" \/>\n<meta name=\"twitter:image\" content=\"https:\/\/past.hrportal.md\/wp-content\/uploads\/2023\/03\/Facebook-Baner-Conferinta-fara-logo-rabota.md_.png\" \/>\n<meta name=\"twitter:label1\" content=\"Scris de\" \/>\n\t<meta name=\"twitter:data1\" content=\"HREditor\" \/>\n\t<meta name=\"twitter:label2\" content=\"Timp estimat pentru citire\" \/>\n\t<meta name=\"twitter:data2\" content=\"4 minute\" \/>\n<script type=\"application\/ld+json\" class=\"yoast-schema-graph\">{\"@context\":\"https:\\\/\\\/schema.org\",\"@graph\":[{\"@type\":\"Article\",\"@id\":\"https:\\\/\\\/past.hrportal.md\\\/ro\\\/2023\\\/03\\\/23\\\/lucrezi-in-hr-sau-esti-interesat-de-legislatia-muncii-rezerva-ti-un-loc-la-conferinta-nationala-legislatia-muncii-in-contextul-digitalizarii-si-globalizarii\\\/#article\",\"isPartOf\":{\"@id\":\"https:\\\/\\\/past.hrportal.md\\\/ro\\\/2023\\\/03\\\/23\\\/lucrezi-in-hr-sau-esti-interesat-de-legislatia-muncii-rezerva-ti-un-loc-la-conferinta-nationala-legislatia-muncii-in-contextul-digitalizarii-si-globalizarii\\\/\"},\"author\":{\"name\":\"HREditor\",\"@id\":\"https:\\\/\\\/past.hrportal.md\\\/ro\\\/#\\\/schema\\\/person\\\/06306f2aa6359b7fe7c1ab71e15f3494\"},\"headline\":\"Lucrezi \u00een HR sau e\u0219ti interesat de legisla\u021bia muncii? Rezerv\u0103-\u021bi un loc la Conferin\u021ba Na\u021bional\u0103 \u201eLegisla\u021bia muncii \u00een contextul digitaliz\u0103rii \u0219i globaliz\u0103rii\u201d\",\"datePublished\":\"2023-03-23T12:07:36+00:00\",\"dateModified\":\"2023-08-10T13:44:14+00:00\",\"mainEntityOfPage\":{\"@id\":\"https:\\\/\\\/past.hrportal.md\\\/ro\\\/2023\\\/03\\\/23\\\/lucrezi-in-hr-sau-esti-interesat-de-legislatia-muncii-rezerva-ti-un-loc-la-conferinta-nationala-legislatia-muncii-in-contextul-digitalizarii-si-globalizarii\\\/\"},\"wordCount\":723,\"image\":{\"@id\":\"https:\\\/\\\/past.hrportal.md\\\/ro\\\/2023\\\/03\\\/23\\\/lucrezi-in-hr-sau-esti-interesat-de-legislatia-muncii-rezerva-ti-un-loc-la-conferinta-nationala-legislatia-muncii-in-contextul-digitalizarii-si-globalizarii\\\/#primaryimage\"},\"thumbnailUrl\":\"https:\\\/\\\/past.hrportal.md\\\/wp-content\\\/uploads\\\/2023\\\/03\\\/Facebook-Baner-Conferinta-fara-logo-rabota.md_.png\",\"articleSection\":[\"Blog\",\"News\"],\"inLanguage\":\"ro-RO\"},{\"@type\":\"WebPage\",\"@id\":\"https:\\\/\\\/past.hrportal.md\\\/ro\\\/2023\\\/03\\\/23\\\/lucrezi-in-hr-sau-esti-interesat-de-legislatia-muncii-rezerva-ti-un-loc-la-conferinta-nationala-legislatia-muncii-in-contextul-digitalizarii-si-globalizarii\\\/\",\"url\":\"https:\\\/\\\/past.hrportal.md\\\/ro\\\/2023\\\/03\\\/23\\\/lucrezi-in-hr-sau-esti-interesat-de-legislatia-muncii-rezerva-ti-un-loc-la-conferinta-nationala-legislatia-muncii-in-contextul-digitalizarii-si-globalizarii\\\/\",\"name\":\"Lucrezi \u00een HR sau e\u0219ti interesat de legisla\u021bia muncii? Rezerv\u0103-\u021bi un loc la Conferin\u021ba Na\u021bional\u0103 \u201eLegisla\u021bia muncii \u00een contextul digitaliz\u0103rii \u0219i globaliz\u0103rii\u201d | HRPortal\",\"isPartOf\":{\"@id\":\"https:\\\/\\\/past.hrportal.md\\\/ro\\\/#website\"},\"primaryImageOfPage\":{\"@id\":\"https:\\\/\\\/past.hrportal.md\\\/ro\\\/2023\\\/03\\\/23\\\/lucrezi-in-hr-sau-esti-interesat-de-legislatia-muncii-rezerva-ti-un-loc-la-conferinta-nationala-legislatia-muncii-in-contextul-digitalizarii-si-globalizarii\\\/#primaryimage\"},\"image\":{\"@id\":\"https:\\\/\\\/past.hrportal.md\\\/ro\\\/2023\\\/03\\\/23\\\/lucrezi-in-hr-sau-esti-interesat-de-legislatia-muncii-rezerva-ti-un-loc-la-conferinta-nationala-legislatia-muncii-in-contextul-digitalizarii-si-globalizarii\\\/#primaryimage\"},\"thumbnailUrl\":\"https:\\\/\\\/past.hrportal.md\\\/wp-content\\\/uploads\\\/2023\\\/03\\\/Facebook-Baner-Conferinta-fara-logo-rabota.md_.png\",\"datePublished\":\"2023-03-23T12:07:36+00:00\",\"dateModified\":\"2023-08-10T13:44:14+00:00\",\"author\":{\"@id\":\"https:\\\/\\\/past.hrportal.md\\\/ro\\\/#\\\/schema\\\/person\\\/06306f2aa6359b7fe7c1ab71e15f3494\"},\"description\":\"Dac\u0103 e\u0219ti specialist \u00een resurse umane, contabil, jurist, director de companie, reprezentant ONG, liber profesionist sau, pur \u0219i simplu, interesat de drepturile \u0219i obliga\u021biile \u00een calitate de angajat sau angajator, atunci\u00a0rezerv\u0103 zilele de 5 \u0219i 6 aprilie \u00een calendarul t\u0103u.\",\"breadcrumb\":{\"@id\":\"https:\\\/\\\/past.hrportal.md\\\/ro\\\/2023\\\/03\\\/23\\\/lucrezi-in-hr-sau-esti-interesat-de-legislatia-muncii-rezerva-ti-un-loc-la-conferinta-nationala-legislatia-muncii-in-contextul-digitalizarii-si-globalizarii\\\/#breadcrumb\"},\"inLanguage\":\"ro-RO\",\"potentialAction\":[{\"@type\":\"ReadAction\",\"target\":[\"https:\\\/\\\/past.hrportal.md\\\/ro\\\/2023\\\/03\\\/23\\\/lucrezi-in-hr-sau-esti-interesat-de-legislatia-muncii-rezerva-ti-un-loc-la-conferinta-nationala-legislatia-muncii-in-contextul-digitalizarii-si-globalizarii\\\/\"]}]},{\"@type\":\"ImageObject\",\"inLanguage\":\"ro-RO\",\"@id\":\"https:\\\/\\\/past.hrportal.md\\\/ro\\\/2023\\\/03\\\/23\\\/lucrezi-in-hr-sau-esti-interesat-de-legislatia-muncii-rezerva-ti-un-loc-la-conferinta-nationala-legislatia-muncii-in-contextul-digitalizarii-si-globalizarii\\\/#primaryimage\",\"url\":\"https:\\\/\\\/past.hrportal.md\\\/wp-content\\\/uploads\\\/2023\\\/03\\\/Facebook-Baner-Conferinta-fara-logo-rabota.md_.png\",\"contentUrl\":\"https:\\\/\\\/past.hrportal.md\\\/wp-content\\\/uploads\\\/2023\\\/03\\\/Facebook-Baner-Conferinta-fara-logo-rabota.md_.png\",\"width\":3840,\"height\":2010,\"caption\":\"Dac\u0103 e\u0219ti specialist \u00een resurse umane, contabil, jurist, director de companie, reprezentant ONG, liber profesionist sau, pur \u0219i simplu, interesat de drepturile \u0219i obliga\u021biile \u00een calitate de angajat sau angajator, atunci rezerv\u0103 zilele de 5 \u0219i 6 aprilie \u00een calendarul t\u0103u.\"},{\"@type\":\"BreadcrumbList\",\"@id\":\"https:\\\/\\\/past.hrportal.md\\\/ro\\\/2023\\\/03\\\/23\\\/lucrezi-in-hr-sau-esti-interesat-de-legislatia-muncii-rezerva-ti-un-loc-la-conferinta-nationala-legislatia-muncii-in-contextul-digitalizarii-si-globalizarii\\\/#breadcrumb\",\"itemListElement\":[{\"@type\":\"ListItem\",\"position\":1,\"name\":\"Prima pagin\u0103\",\"item\":\"https:\\\/\\\/past.hrportal.md\\\/ro\\\/\"},{\"@type\":\"ListItem\",\"position\":2,\"name\":\"Lucrezi \u00een HR sau e\u0219ti interesat de legisla\u021bia muncii? Rezerv\u0103-\u021bi un loc la Conferin\u021ba Na\u021bional\u0103 \u201eLegisla\u021bia muncii \u00een contextul digitaliz\u0103rii \u0219i globaliz\u0103rii\u201d\"}]},{\"@type\":\"WebSite\",\"@id\":\"https:\\\/\\\/past.hrportal.md\\\/ro\\\/#website\",\"url\":\"https:\\\/\\\/past.hrportal.md\\\/ro\\\/\",\"name\":\"HRPortal\",\"description\":\"Cursuri de instruire \u0219i consultan\u021b\u0103 \u00een managementul resurselor umane\",\"potentialAction\":[{\"@type\":\"SearchAction\",\"target\":{\"@type\":\"EntryPoint\",\"urlTemplate\":\"https:\\\/\\\/past.hrportal.md\\\/ro\\\/?s={search_term_string}\"},\"query-input\":{\"@type\":\"PropertyValueSpecification\",\"valueRequired\":true,\"valueName\":\"search_term_string\"}}],\"inLanguage\":\"ro-RO\"},{\"@type\":\"Person\",\"@id\":\"https:\\\/\\\/past.hrportal.md\\\/ro\\\/#\\\/schema\\\/person\\\/06306f2aa6359b7fe7c1ab71e15f3494\",\"name\":\"HREditor\",\"image\":{\"@type\":\"ImageObject\",\"inLanguage\":\"ro-RO\",\"@id\":\"https:\\\/\\\/secure.gravatar.com\\\/avatar\\\/b0501a9084b38562388f12f212a3c10ff897016c950bace808659705e4d45ee4?s=96&d=mm&r=g\",\"url\":\"https:\\\/\\\/secure.gravatar.com\\\/avatar\\\/b0501a9084b38562388f12f212a3c10ff897016c950bace808659705e4d45ee4?s=96&d=mm&r=g\",\"contentUrl\":\"https:\\\/\\\/secure.gravatar.com\\\/avatar\\\/b0501a9084b38562388f12f212a3c10ff897016c950bace808659705e4d45ee4?s=96&d=mm&r=g\",\"caption\":\"HREditor\"},\"sameAs\":[\"https:\\\/\\\/www.facebook.com\\\/hr.portal.1\\\/\",\"https:\\\/\\\/www.instagram.com\\\/hrportal.md\\\/\"],\"url\":\"https:\\\/\\\/past.hrportal.md\\\/ro\\\/author\\\/hreditor\\\/\"}]}<\/script>\n<!-- \/ Yoast SEO plugin. -->","yoast_head_json":{"title":"Lucrezi \u00een HR sau e\u0219ti interesat de legisla\u021bia muncii? Rezerv\u0103-\u021bi un loc la Conferin\u021ba Na\u021bional\u0103 \u201eLegisla\u021bia muncii \u00een contextul digitaliz\u0103rii \u0219i globaliz\u0103rii\u201d | HRPortal","description":"Dac\u0103 e\u0219ti specialist \u00een resurse umane, contabil, jurist, director de companie, reprezentant ONG, liber profesionist sau, pur \u0219i simplu, interesat de drepturile \u0219i obliga\u021biile \u00een calitate de angajat sau angajator, atunci\u00a0rezerv\u0103 zilele de 5 \u0219i 6 aprilie \u00een calendarul t\u0103u.","robots":{"index":"index","follow":"follow","max-snippet":"max-snippet:-1","max-image-preview":"max-image-preview:large","max-video-preview":"max-video-preview:-1"},"canonical":"https:\/\/past.hrportal.md\/ro\/2023\/03\/23\/lucrezi-in-hr-sau-esti-interesat-de-legislatia-muncii-rezerva-ti-un-loc-la-conferinta-nationala-legislatia-muncii-in-contextul-digitalizarii-si-globalizarii\/","og_locale":"ro_RO","og_type":"article","og_title":"Lucrezi \u00een HR sau e\u0219ti interesat de legisla\u021bia muncii? Rezerv\u0103-\u021bi un loc la Conferin\u021ba Na\u021bional\u0103 \u201eLegisla\u021bia muncii \u00een contextul digitaliz\u0103rii \u0219i globaliz\u0103rii\u201d | HRPortal","og_description":"Dac\u0103 e\u0219ti specialist \u00een resurse umane, contabil, jurist, director de companie, reprezentant ONG, liber profesionist sau, pur \u0219i simplu, interesat de drepturile \u0219i obliga\u021biile \u00een calitate de angajat sau angajator, atunci\u00a0rezerv\u0103 zilele de 5 \u0219i 6 aprilie \u00een calendarul t\u0103u.","og_url":"https:\/\/past.hrportal.md\/ro\/2023\/03\/23\/lucrezi-in-hr-sau-esti-interesat-de-legislatia-muncii-rezerva-ti-un-loc-la-conferinta-nationala-legislatia-muncii-in-contextul-digitalizarii-si-globalizarii\/","og_site_name":"HRPortal","article_author":"https:\/\/www.facebook.com\/hr.portal.1\/","article_published_time":"2023-03-23T12:07:36+00:00","article_modified_time":"2023-08-10T13:44:14+00:00","og_image":[{"width":3840,"height":2010,"url":"https:\/\/past.hrportal.md\/wp-content\/uploads\/2023\/03\/Facebook-Baner-Conferinta-fara-logo-rabota.md_.png","type":"image\/png"}],"author":"HREditor","twitter_card":"summary_large_image","twitter_image":"https:\/\/past.hrportal.md\/wp-content\/uploads\/2023\/03\/Facebook-Baner-Conferinta-fara-logo-rabota.md_.png","twitter_misc":{"Scris de":"HREditor","Timp estimat pentru citire":"4 minute"},"schema":{"@context":"https:\/\/schema.org","@graph":[{"@type":"Article","@id":"https:\/\/past.hrportal.md\/ro\/2023\/03\/23\/lucrezi-in-hr-sau-esti-interesat-de-legislatia-muncii-rezerva-ti-un-loc-la-conferinta-nationala-legislatia-muncii-in-contextul-digitalizarii-si-globalizarii\/#article","isPartOf":{"@id":"https:\/\/past.hrportal.md\/ro\/2023\/03\/23\/lucrezi-in-hr-sau-esti-interesat-de-legislatia-muncii-rezerva-ti-un-loc-la-conferinta-nationala-legislatia-muncii-in-contextul-digitalizarii-si-globalizarii\/"},"author":{"name":"HREditor","@id":"https:\/\/past.hrportal.md\/ro\/#\/schema\/person\/06306f2aa6359b7fe7c1ab71e15f3494"},"headline":"Lucrezi \u00een HR sau e\u0219ti interesat de legisla\u021bia muncii? Rezerv\u0103-\u021bi un loc la Conferin\u021ba Na\u021bional\u0103 \u201eLegisla\u021bia muncii \u00een contextul digitaliz\u0103rii \u0219i globaliz\u0103rii\u201d","datePublished":"2023-03-23T12:07:36+00:00","dateModified":"2023-08-10T13:44:14+00:00","mainEntityOfPage":{"@id":"https:\/\/past.hrportal.md\/ro\/2023\/03\/23\/lucrezi-in-hr-sau-esti-interesat-de-legislatia-muncii-rezerva-ti-un-loc-la-conferinta-nationala-legislatia-muncii-in-contextul-digitalizarii-si-globalizarii\/"},"wordCount":723,"image":{"@id":"https:\/\/past.hrportal.md\/ro\/2023\/03\/23\/lucrezi-in-hr-sau-esti-interesat-de-legislatia-muncii-rezerva-ti-un-loc-la-conferinta-nationala-legislatia-muncii-in-contextul-digitalizarii-si-globalizarii\/#primaryimage"},"thumbnailUrl":"https:\/\/past.hrportal.md\/wp-content\/uploads\/2023\/03\/Facebook-Baner-Conferinta-fara-logo-rabota.md_.png","articleSection":["Blog","News"],"inLanguage":"ro-RO"},{"@type":"WebPage","@id":"https:\/\/past.hrportal.md\/ro\/2023\/03\/23\/lucrezi-in-hr-sau-esti-interesat-de-legislatia-muncii-rezerva-ti-un-loc-la-conferinta-nationala-legislatia-muncii-in-contextul-digitalizarii-si-globalizarii\/","url":"https:\/\/past.hrportal.md\/ro\/2023\/03\/23\/lucrezi-in-hr-sau-esti-interesat-de-legislatia-muncii-rezerva-ti-un-loc-la-conferinta-nationala-legislatia-muncii-in-contextul-digitalizarii-si-globalizarii\/","name":"Lucrezi \u00een HR sau e\u0219ti interesat de legisla\u021bia muncii? Rezerv\u0103-\u021bi un loc la Conferin\u021ba Na\u021bional\u0103 \u201eLegisla\u021bia muncii \u00een contextul digitaliz\u0103rii \u0219i globaliz\u0103rii\u201d | HRPortal","isPartOf":{"@id":"https:\/\/past.hrportal.md\/ro\/#website"},"primaryImageOfPage":{"@id":"https:\/\/past.hrportal.md\/ro\/2023\/03\/23\/lucrezi-in-hr-sau-esti-interesat-de-legislatia-muncii-rezerva-ti-un-loc-la-conferinta-nationala-legislatia-muncii-in-contextul-digitalizarii-si-globalizarii\/#primaryimage"},"image":{"@id":"https:\/\/past.hrportal.md\/ro\/2023\/03\/23\/lucrezi-in-hr-sau-esti-interesat-de-legislatia-muncii-rezerva-ti-un-loc-la-conferinta-nationala-legislatia-muncii-in-contextul-digitalizarii-si-globalizarii\/#primaryimage"},"thumbnailUrl":"https:\/\/past.hrportal.md\/wp-content\/uploads\/2023\/03\/Facebook-Baner-Conferinta-fara-logo-rabota.md_.png","datePublished":"2023-03-23T12:07:36+00:00","dateModified":"2023-08-10T13:44:14+00:00","author":{"@id":"https:\/\/past.hrportal.md\/ro\/#\/schema\/person\/06306f2aa6359b7fe7c1ab71e15f3494"},"description":"Dac\u0103 e\u0219ti specialist \u00een resurse umane, contabil, jurist, director de companie, reprezentant ONG, liber profesionist sau, pur \u0219i simplu, interesat de drepturile \u0219i obliga\u021biile \u00een calitate de angajat sau angajator, atunci\u00a0rezerv\u0103 zilele de 5 \u0219i 6 aprilie \u00een calendarul t\u0103u.","breadcrumb":{"@id":"https:\/\/past.hrportal.md\/ro\/2023\/03\/23\/lucrezi-in-hr-sau-esti-interesat-de-legislatia-muncii-rezerva-ti-un-loc-la-conferinta-nationala-legislatia-muncii-in-contextul-digitalizarii-si-globalizarii\/#breadcrumb"},"inLanguage":"ro-RO","potentialAction":[{"@type":"ReadAction","target":["https:\/\/past.hrportal.md\/ro\/2023\/03\/23\/lucrezi-in-hr-sau-esti-interesat-de-legislatia-muncii-rezerva-ti-un-loc-la-conferinta-nationala-legislatia-muncii-in-contextul-digitalizarii-si-globalizarii\/"]}]},{"@type":"ImageObject","inLanguage":"ro-RO","@id":"https:\/\/past.hrportal.md\/ro\/2023\/03\/23\/lucrezi-in-hr-sau-esti-interesat-de-legislatia-muncii-rezerva-ti-un-loc-la-conferinta-nationala-legislatia-muncii-in-contextul-digitalizarii-si-globalizarii\/#primaryimage","url":"https:\/\/past.hrportal.md\/wp-content\/uploads\/2023\/03\/Facebook-Baner-Conferinta-fara-logo-rabota.md_.png","contentUrl":"https:\/\/past.hrportal.md\/wp-content\/uploads\/2023\/03\/Facebook-Baner-Conferinta-fara-logo-rabota.md_.png","width":3840,"height":2010,"caption":"Dac\u0103 e\u0219ti specialist \u00een resurse umane, contabil, jurist, director de companie, reprezentant ONG, liber profesionist sau, pur \u0219i simplu, interesat de drepturile \u0219i obliga\u021biile \u00een calitate de angajat sau angajator, atunci rezerv\u0103 zilele de 5 \u0219i 6 aprilie \u00een calendarul t\u0103u."},{"@type":"BreadcrumbList","@id":"https:\/\/past.hrportal.md\/ro\/2023\/03\/23\/lucrezi-in-hr-sau-esti-interesat-de-legislatia-muncii-rezerva-ti-un-loc-la-conferinta-nationala-legislatia-muncii-in-contextul-digitalizarii-si-globalizarii\/#breadcrumb","itemListElement":[{"@type":"ListItem","position":1,"name":"Prima pagin\u0103","item":"https:\/\/past.hrportal.md\/ro\/"},{"@type":"ListItem","position":2,"name":"Lucrezi \u00een HR sau e\u0219ti interesat de legisla\u021bia muncii? Rezerv\u0103-\u021bi un loc la Conferin\u021ba Na\u021bional\u0103 \u201eLegisla\u021bia muncii \u00een contextul digitaliz\u0103rii \u0219i globaliz\u0103rii\u201d"}]},{"@type":"WebSite","@id":"https:\/\/past.hrportal.md\/ro\/#website","url":"https:\/\/past.hrportal.md\/ro\/","name":"HRPortal","description":"Cursuri de instruire \u0219i consultan\u021b\u0103 \u00een managementul resurselor umane","potentialAction":[{"@type":"SearchAction","target":{"@type":"EntryPoint","urlTemplate":"https:\/\/past.hrportal.md\/ro\/?s={search_term_string}"},"query-input":{"@type":"PropertyValueSpecification","valueRequired":true,"valueName":"search_term_string"}}],"inLanguage":"ro-RO"},{"@type":"Person","@id":"https:\/\/past.hrportal.md\/ro\/#\/schema\/person\/06306f2aa6359b7fe7c1ab71e15f3494","name":"HREditor","image":{"@type":"ImageObject","inLanguage":"ro-RO","@id":"https:\/\/secure.gravatar.com\/avatar\/b0501a9084b38562388f12f212a3c10ff897016c950bace808659705e4d45ee4?s=96&d=mm&r=g","url":"https:\/\/secure.gravatar.com\/avatar\/b0501a9084b38562388f12f212a3c10ff897016c950bace808659705e4d45ee4?s=96&d=mm&r=g","contentUrl":"https:\/\/secure.gravatar.com\/avatar\/b0501a9084b38562388f12f212a3c10ff897016c950bace808659705e4d45ee4?s=96&d=mm&r=g","caption":"HREditor"},"sameAs":["https:\/\/www.facebook.com\/hr.portal.1\/","https:\/\/www.instagram.com\/hrportal.md\/"],"url":"https:\/\/past.hrportal.md\/ro\/author\/hreditor\/"}]}},"_links":{"self":[{"href":"https:\/\/past.hrportal.md\/ro\/wp-json\/wp\/v2\/posts\/10702","targetHints":{"allow":["GET"]}}],"collection":[{"href":"https:\/\/past.hrportal.md\/ro\/wp-json\/wp\/v2\/posts"}],"about":[{"href":"https:\/\/past.hrportal.md\/ro\/wp-json\/wp\/v2\/types\/post"}],"author":[{"embeddable":true,"href":"https:\/\/past.hrportal.md\/ro\/wp-json\/wp\/v2\/users\/5"}],"replies":[{"embeddable":true,"href":"https:\/\/past.hrportal.md\/ro\/wp-json\/wp\/v2\/comments?post=10702"}],"version-history":[{"count":0,"href":"https:\/\/past.hrportal.md\/ro\/wp-json\/wp\/v2\/posts\/10702\/revisions"}],"wp:featuredmedia":[{"embeddable":true,"href":"https:\/\/past.hrportal.md\/ro\/wp-json\/wp\/v2\/media\/10696"}],"wp:attachment":[{"href":"https:\/\/past.hrportal.md\/ro\/wp-json\/wp\/v2\/media?parent=10702"}],"wp:term":[{"taxonomy":"category","embeddable":true,"href":"https:\/\/past.hrportal.md\/ro\/wp-json\/wp\/v2\/categories?post=10702"},{"taxonomy":"post_tag","embeddable":true,"href":"https:\/\/past.hrportal.md\/ro\/wp-json\/wp\/v2\/tags?post=10702"}],"curies":[{"name":"wp","href":"https:\/\/api.w.org\/{rel}","templated":true}]}}