{"id":8136,"date":"2019-10-30T11:13:36","date_gmt":"2019-10-30T08:13:36","guid":{"rendered":"https:\/\/past.hrportal.md\/?p=8136"},"modified":"2019-12-19T01:08:32","modified_gmt":"2019-12-18T22:08:32","slug":"profesionisti-hr-experti-cu-renume-si-modificari-analizate-complex-la-cea-de-a-6-a-editie-a-conferintei-legislatia-muncii","status":"publish","type":"post","link":"https:\/\/past.hrportal.md\/ro\/2019\/10\/30\/profesionisti-hr-experti-cu-renume-si-modificari-analizate-complex-la-cea-de-a-6-a-editie-a-conferintei-legislatia-muncii\/","title":{"rendered":"Profesioni\u0219ti HR, exper\u021bi cu renume \u0219i modific\u0103ri analizate complex la cea de-a 6-a edi\u021bie a Conferin\u021bei Legisla\u021bia Muncii"},"content":{"rendered":"<p><strong>Domeniul legisla\u021biei din Republica Moldova \u0219i-a demonstrat de-a lungul anilor tendin\u021ba de a fi surprinz\u0103tor de dinamic &#8211; legile trec prin modific\u0103ri continue, iar cele ce vizeaz\u0103 resursele umane nu sunt o excep\u021bie. Profesioni\u0219tii din domeniu, preocupa\u021bi de un spectru foarte larg de sarcini, adesea nu reu\u0219esc s\u0103 \u021bin\u0103 pasul cu toate schimb\u0103rile sau s\u0103 le p\u0103trund\u0103 \u00een esen\u021b\u0103 ca s\u0103 evite astfel penalit\u0103\u021bi \u0219i alte probleme.<\/strong><\/p>\n<p>Pentru a reduce inciden\u021ba acestor situa\u021bii \u0219i ca s\u0103 \u00eembun\u0103t\u0103\u021bim practicile pe pia\u021b\u0103, HR Portal a venit \u0219i \u00een 2019 cu Conferin\u021ba na\u021bional\u0103 \u00een Legisla\u021bia Muncii, desf\u0103\u0219urat\u0103 pe 17 mai la Chi\u0219in\u0103u. Aflat deja la cea de-a 6-a edi\u021bie, evenimentul s-a transformat \u00eentr-o frumoas\u0103 \u0219i necesar\u0103 tradi\u021bie pentru profesioni\u0219tii din HR, adun\u00e2nd laolalt\u0103 exper\u021bi cu renume \u0219i subiecte abordate complex.<\/p>\n<p>Discu\u021biile s-au concentrat pe cele mai recente \u0219i actuale modific\u0103ri din legisla\u021bia muncii, printre care noile prevederi ale Legii privind indemniza\u021biile pentru incapacitatea temporar\u0103 de munc\u0103 sau noua metodologie de desf\u0103\u0219urare a controlului de stat \u00een domeniul rela\u021biilor de munc\u0103. \u00cen cadrul conferin\u021bei au mai fost abordate \u0219i subiecte precum implementarea sistemului unitar de salarizare \u00een sectorul bugetar, responsabilitatea social\u0103 \u0219i impactul asupra sistemului de resurse umane, instrumentele de motivare \u0219i loializare a angaja\u021bilor, eviden\u021ba militar\u0103 a recru\u021bilor \u0219i rezervi\u0219tilor.<\/p>\n<p>Ce subiecte s-au reg\u0103sit pe agenda discu\u021biilor din acest an:<\/p>\n<ul>\n<li>Certificatul medical electronic: perspective ale implement\u0103rii;<\/li>\n<li>Retrospectiva modific\u0103rilor 2018 la Legea privind indemniza\u021biile pentru incapacitate temporar\u0103 de munc\u0103 \u0219i alte presta\u021bii de asigur\u0103ri sociale;<\/li>\n<li>Controlul de stat \u00een domeniul rela\u021biilor de munc\u0103: noua metodologie de desf\u0103\u0219urare;<\/li>\n<li>Metodologia de completare \u0219i aplicare a listelor de verificare \u00een cadrul controlului de stat;<\/li>\n<li>Standardul de responsabilitate social\u0103 \u0219i impactul asupra sistemului de resurse umane;<\/li>\n<li>Sistemul unitar &#8211; noul sistem de salarizare \u00een sectorul bugetar;<\/li>\n<li>Forma de raportare IRM 2019: Ce trebuie s\u0103 \u0219tie profesioni\u0219tii \u00een resurse umane;<\/li>\n<li>Plat\u0103 egal\u0103 pentru munc\u0103 de valoare egal\u0103: prevederi legislative \u0219i instrumente practice;<\/li>\n<li>Eviden\u021ba militar\u0103 a recru\u021bilor \u0219i rezervi\u0219tilor: obliga\u021biile angajatorului.<\/li>\n<\/ul>\n<p>Cei peste 70 de participan\u021bi au pus \u00een dezbatere practici pozitive din domeniu \u0219i au evocat probleme din experien\u021ba lor profesional\u0103, primind \u00een schimb solu\u021bii, sugestii \u0219i instrumente noi spre implementare. Un alt scop al evenimentului a fost s\u0103 aduc\u0103 fa\u021b\u0103 \u00een fa\u021b\u0103 profesioni\u0219tii \u00een resurse umane \u0219i reprezentan\u021bii organelor de resort, de control, responsabili de aplicarea legii. Astfel s-a reu\u0219it crearea unui spa\u021biu de dialog \u0219i \u00eemp\u0103rt\u0103\u0219irea practicilor de tipul \u201ca\u0219a DA &#8211; a\u0219a NU\u201d.<\/p>\n<p>Pe l\u00e2ng\u0103 toate, conferin\u021ba Legisla\u021bia Muncii a ajuns un spa\u021biu propice pentru networking de calitate \u0219i reu\u0219e\u0219te s\u0103 creasc\u0103, an de an, comunitatea profesioni\u0219tilor \u00een resurse umane: o mare familie care se sus\u021bine reciproc \u0219i se perfec\u021bioneaz\u0103 continuu, \u00een beneficiul angaja\u021bilor \u0219i angajatorilor din Republica Moldova.<\/p>\n<div id='gallery-1' class='gallery galleryid-8136 gallery-columns-4 gallery-size-thumbnail'><figure class='gallery-item'>\n\t\t\t<div class='gallery-icon landscape'>\n\t\t\t\t<img loading=\"lazy\" decoding=\"async\" width=\"150\" height=\"150\" src=\"https:\/\/past.hrportal.md\/wp-content\/uploads\/2019\/10\/IMG_3194-150x150.jpg\" class=\"attachment-thumbnail size-thumbnail\" alt=\"\u0410\u0443\u0442\u0441\u043e\u0440\u0442\u0438\u043d\u0433 \u0438 \u0443\u043f\u0440\u0430\u0432\u043b\u0435\u043d\u0438\u0435 \u043f\u0435\u0440\u0441\u043e\u043d\u0430\u043b\u043e\u043c \u0432 \u041c\u043e\u043b\u0434\u043e\u0432\u0435\" \/>\n\t\t\t<\/div><\/figure><figure class='gallery-item'>\n\t\t\t<div class='gallery-icon landscape'>\n\t\t\t\t<img loading=\"lazy\" decoding=\"async\" width=\"150\" height=\"150\" src=\"https:\/\/past.hrportal.md\/wp-content\/uploads\/2019\/10\/IMG_2851-150x150.jpg\" class=\"attachment-thumbnail size-thumbnail\" alt=\"\u0410\u0443\u0442\u0441\u043e\u0440\u0442\u0438\u043d\u0433 \u0438 \u0443\u043f\u0440\u0430\u0432\u043b\u0435\u043d\u0438\u0435 \u043f\u0435\u0440\u0441\u043e\u043d\u0430\u043b\u043e\u043c \u0432 \u041c\u043e\u043b\u0434\u043e\u0432\u0435\" \/>\n\t\t\t<\/div><\/figure><figure class='gallery-item'>\n\t\t\t<div class='gallery-icon landscape'>\n\t\t\t\t<img loading=\"lazy\" decoding=\"async\" width=\"150\" height=\"150\" src=\"https:\/\/past.hrportal.md\/wp-content\/uploads\/2019\/10\/IMG_3114-150x150.jpg\" class=\"attachment-thumbnail size-thumbnail\" alt=\"\u0410\u0443\u0442\u0441\u043e\u0440\u0442\u0438\u043d\u0433 \u0438 \u0443\u043f\u0440\u0430\u0432\u043b\u0435\u043d\u0438\u0435 \u043f\u0435\u0440\u0441\u043e\u043d\u0430\u043b\u043e\u043c \u0432 \u041c\u043e\u043b\u0434\u043e\u0432\u0435\" \/>\n\t\t\t<\/div><\/figure><figure class='gallery-item'>\n\t\t\t<div class='gallery-icon landscape'>\n\t\t\t\t<img loading=\"lazy\" decoding=\"async\" width=\"150\" height=\"150\" src=\"https:\/\/past.hrportal.md\/wp-content\/uploads\/2019\/10\/IMG_3243-150x150.jpg\" class=\"attachment-thumbnail size-thumbnail\" alt=\"\u0410\u0443\u0442\u0441\u043e\u0440\u0442\u0438\u043d\u0433 \u0438 \u0443\u043f\u0440\u0430\u0432\u043b\u0435\u043d\u0438\u0435 \u043f\u0435\u0440\u0441\u043e\u043d\u0430\u043b\u043e\u043c \u0432 \u041c\u043e\u043b\u0434\u043e\u0432\u0435\" \/>\n\t\t\t<\/div><\/figure><figure class='gallery-item'>\n\t\t\t<div class='gallery-icon landscape'>\n\t\t\t\t<img loading=\"lazy\" decoding=\"async\" width=\"150\" height=\"150\" src=\"https:\/\/past.hrportal.md\/wp-content\/uploads\/2019\/10\/IMG_4391-150x150.jpg\" class=\"attachment-thumbnail size-thumbnail\" alt=\"\u0410\u0443\u0442\u0441\u043e\u0440\u0442\u0438\u043d\u0433 \u0438 \u0443\u043f\u0440\u0430\u0432\u043b\u0435\u043d\u0438\u0435 \u043f\u0435\u0440\u0441\u043e\u043d\u0430\u043b\u043e\u043c \u0432 \u041c\u043e\u043b\u0434\u043e\u0432\u0435\" \/>\n\t\t\t<\/div><\/figure><figure class='gallery-item'>\n\t\t\t<div class='gallery-icon landscape'>\n\t\t\t\t<img loading=\"lazy\" decoding=\"async\" width=\"150\" height=\"150\" src=\"https:\/\/past.hrportal.md\/wp-content\/uploads\/2019\/10\/IMG_3771-150x150.jpg\" class=\"attachment-thumbnail size-thumbnail\" alt=\"\u0410\u0443\u0442\u0441\u043e\u0440\u0442\u0438\u043d\u0433 \u0438 \u0443\u043f\u0440\u0430\u0432\u043b\u0435\u043d\u0438\u0435 \u043f\u0435\u0440\u0441\u043e\u043d\u0430\u043b\u043e\u043c \u0432 \u041c\u043e\u043b\u0434\u043e\u0432\u0435\" \/>\n\t\t\t<\/div><\/figure><figure class='gallery-item'>\n\t\t\t<div class='gallery-icon landscape'>\n\t\t\t\t<img loading=\"lazy\" decoding=\"async\" width=\"150\" height=\"150\" src=\"https:\/\/past.hrportal.md\/wp-content\/uploads\/2019\/10\/IMG_4300-150x150.jpg\" class=\"attachment-thumbnail size-thumbnail\" alt=\"\u0410\u0443\u0442\u0441\u043e\u0440\u0442\u0438\u043d\u0433 \u0438 \u0443\u043f\u0440\u0430\u0432\u043b\u0435\u043d\u0438\u0435 \u043f\u0435\u0440\u0441\u043e\u043d\u0430\u043b\u043e\u043c \u0432 \u041c\u043e\u043b\u0434\u043e\u0432\u0435\" \/>\n\t\t\t<\/div><\/figure><figure class='gallery-item'>\n\t\t\t<div class='gallery-icon landscape'>\n\t\t\t\t<img loading=\"lazy\" decoding=\"async\" width=\"150\" height=\"150\" src=\"https:\/\/past.hrportal.md\/wp-content\/uploads\/2019\/10\/IMG_4735-150x150.jpg\" class=\"attachment-thumbnail size-thumbnail\" alt=\"\u0410\u0443\u0442\u0441\u043e\u0440\u0442\u0438\u043d\u0433 \u0438 \u0443\u043f\u0440\u0430\u0432\u043b\u0435\u043d\u0438\u0435 \u043f\u0435\u0440\u0441\u043e\u043d\u0430\u043b\u043e\u043c \u0432 \u041c\u043e\u043b\u0434\u043e\u0432\u0435\" \/>\n\t\t\t<\/div><\/figure>\n\t\t<\/div>\n\n","protected":false},"excerpt":{"rendered":"<p>Domeniul legisla\u021biei din Republica Moldova \u0219i-a demonstrat de-a lungul anilor tendin\u021ba de a fi surprinz\u0103tor&#8230;<\/p>\n","protected":false},"author":5,"featured_media":8649,"comment_status":"open","ping_status":"open","sticky":false,"template":"","format":"standard","meta":{"footnotes":""},"categories":[62],"tags":[],"class_list":["post-8136","post","type-post","status-publish","format-standard","has-post-thumbnail","hentry","category-blog"],"yoast_head":"<!-- This site is optimized with the Yoast SEO plugin v27.4 - https:\/\/yoast.com\/product\/yoast-seo-wordpress\/ -->\n<title>Profesioni\u0219ti HR, exper\u021bi cu renume \u0219i modific\u0103ri analizate complex la cea de-a 6-a edi\u021bie a Conferin\u021bei Legisla\u021bia Muncii | HRPortal<\/title>\n<meta name=\"robots\" content=\"index, follow, max-snippet:-1, max-image-preview:large, max-video-preview:-1\" \/>\n<link rel=\"canonical\" href=\"https:\/\/past.hrportal.md\/ro\/2019\/10\/30\/profesionisti-hr-experti-cu-renume-si-modificari-analizate-complex-la-cea-de-a-6-a-editie-a-conferintei-legislatia-muncii\/\" \/>\n<meta property=\"og:locale\" content=\"ro_RO\" \/>\n<meta property=\"og:type\" content=\"article\" \/>\n<meta property=\"og:title\" content=\"Profesioni\u0219ti HR, exper\u021bi cu renume \u0219i modific\u0103ri analizate complex la cea de-a 6-a edi\u021bie a Conferin\u021bei Legisla\u021bia Muncii | HRPortal\" \/>\n<meta property=\"og:description\" content=\"Domeniul legisla\u021biei din Republica Moldova \u0219i-a demonstrat de-a lungul anilor tendin\u021ba de a fi surprinz\u0103tor...\" \/>\n<meta property=\"og:url\" content=\"https:\/\/past.hrportal.md\/ro\/2019\/10\/30\/profesionisti-hr-experti-cu-renume-si-modificari-analizate-complex-la-cea-de-a-6-a-editie-a-conferintei-legislatia-muncii\/\" \/>\n<meta property=\"og:site_name\" content=\"HRPortal\" \/>\n<meta property=\"article:author\" content=\"https:\/\/www.facebook.com\/hr.portal.1\/\" \/>\n<meta property=\"article:published_time\" content=\"2019-10-30T08:13:36+00:00\" \/>\n<meta property=\"article:modified_time\" content=\"2019-12-18T22:08:32+00:00\" \/>\n<meta property=\"og:image\" content=\"https:\/\/past.hrportal.md\/wp-content\/uploads\/2019\/10\/IMG_3243-1.jpg\" \/>\n\t<meta property=\"og:image:width\" content=\"1200\" \/>\n\t<meta property=\"og:image:height\" content=\"800\" \/>\n\t<meta property=\"og:image:type\" content=\"image\/jpeg\" \/>\n<meta name=\"author\" content=\"HREditor\" \/>\n<meta name=\"twitter:card\" content=\"summary_large_image\" \/>\n<meta name=\"twitter:label1\" content=\"Scris de\" \/>\n\t<meta name=\"twitter:data1\" content=\"HREditor\" \/>\n\t<meta name=\"twitter:label2\" content=\"Timp estimat pentru citire\" \/>\n\t<meta name=\"twitter:data2\" content=\"3 minute\" \/>\n<script type=\"application\/ld+json\" class=\"yoast-schema-graph\">{\"@context\":\"https:\\\/\\\/schema.org\",\"@graph\":[{\"@type\":\"Article\",\"@id\":\"https:\\\/\\\/past.hrportal.md\\\/ro\\\/2019\\\/10\\\/30\\\/profesionisti-hr-experti-cu-renume-si-modificari-analizate-complex-la-cea-de-a-6-a-editie-a-conferintei-legislatia-muncii\\\/#article\",\"isPartOf\":{\"@id\":\"https:\\\/\\\/past.hrportal.md\\\/ro\\\/2019\\\/10\\\/30\\\/profesionisti-hr-experti-cu-renume-si-modificari-analizate-complex-la-cea-de-a-6-a-editie-a-conferintei-legislatia-muncii\\\/\"},\"author\":{\"name\":\"HREditor\",\"@id\":\"https:\\\/\\\/past.hrportal.md\\\/ro\\\/#\\\/schema\\\/person\\\/06306f2aa6359b7fe7c1ab71e15f3494\"},\"headline\":\"Profesioni\u0219ti HR, exper\u021bi cu renume \u0219i modific\u0103ri analizate complex la cea de-a 6-a edi\u021bie a Conferin\u021bei Legisla\u021bia Muncii\",\"datePublished\":\"2019-10-30T08:13:36+00:00\",\"dateModified\":\"2019-12-18T22:08:32+00:00\",\"mainEntityOfPage\":{\"@id\":\"https:\\\/\\\/past.hrportal.md\\\/ro\\\/2019\\\/10\\\/30\\\/profesionisti-hr-experti-cu-renume-si-modificari-analizate-complex-la-cea-de-a-6-a-editie-a-conferintei-legislatia-muncii\\\/\"},\"wordCount\":539,\"commentCount\":0,\"image\":{\"@id\":\"https:\\\/\\\/past.hrportal.md\\\/ro\\\/2019\\\/10\\\/30\\\/profesionisti-hr-experti-cu-renume-si-modificari-analizate-complex-la-cea-de-a-6-a-editie-a-conferintei-legislatia-muncii\\\/#primaryimage\"},\"thumbnailUrl\":\"https:\\\/\\\/past.hrportal.md\\\/wp-content\\\/uploads\\\/2019\\\/10\\\/IMG_3243-1.jpg\",\"articleSection\":[\"Blog\"],\"inLanguage\":\"ro-RO\"},{\"@type\":\"WebPage\",\"@id\":\"https:\\\/\\\/past.hrportal.md\\\/ro\\\/2019\\\/10\\\/30\\\/profesionisti-hr-experti-cu-renume-si-modificari-analizate-complex-la-cea-de-a-6-a-editie-a-conferintei-legislatia-muncii\\\/\",\"url\":\"https:\\\/\\\/past.hrportal.md\\\/ro\\\/2019\\\/10\\\/30\\\/profesionisti-hr-experti-cu-renume-si-modificari-analizate-complex-la-cea-de-a-6-a-editie-a-conferintei-legislatia-muncii\\\/\",\"name\":\"Profesioni\u0219ti HR, exper\u021bi cu renume \u0219i modific\u0103ri analizate complex la cea de-a 6-a edi\u021bie a Conferin\u021bei Legisla\u021bia Muncii | HRPortal\",\"isPartOf\":{\"@id\":\"https:\\\/\\\/past.hrportal.md\\\/ro\\\/#website\"},\"primaryImageOfPage\":{\"@id\":\"https:\\\/\\\/past.hrportal.md\\\/ro\\\/2019\\\/10\\\/30\\\/profesionisti-hr-experti-cu-renume-si-modificari-analizate-complex-la-cea-de-a-6-a-editie-a-conferintei-legislatia-muncii\\\/#primaryimage\"},\"image\":{\"@id\":\"https:\\\/\\\/past.hrportal.md\\\/ro\\\/2019\\\/10\\\/30\\\/profesionisti-hr-experti-cu-renume-si-modificari-analizate-complex-la-cea-de-a-6-a-editie-a-conferintei-legislatia-muncii\\\/#primaryimage\"},\"thumbnailUrl\":\"https:\\\/\\\/past.hrportal.md\\\/wp-content\\\/uploads\\\/2019\\\/10\\\/IMG_3243-1.jpg\",\"datePublished\":\"2019-10-30T08:13:36+00:00\",\"dateModified\":\"2019-12-18T22:08:32+00:00\",\"author\":{\"@id\":\"https:\\\/\\\/past.hrportal.md\\\/ro\\\/#\\\/schema\\\/person\\\/06306f2aa6359b7fe7c1ab71e15f3494\"},\"breadcrumb\":{\"@id\":\"https:\\\/\\\/past.hrportal.md\\\/ro\\\/2019\\\/10\\\/30\\\/profesionisti-hr-experti-cu-renume-si-modificari-analizate-complex-la-cea-de-a-6-a-editie-a-conferintei-legislatia-muncii\\\/#breadcrumb\"},\"inLanguage\":\"ro-RO\",\"potentialAction\":[{\"@type\":\"ReadAction\",\"target\":[\"https:\\\/\\\/past.hrportal.md\\\/ro\\\/2019\\\/10\\\/30\\\/profesionisti-hr-experti-cu-renume-si-modificari-analizate-complex-la-cea-de-a-6-a-editie-a-conferintei-legislatia-muncii\\\/\"]}]},{\"@type\":\"ImageObject\",\"inLanguage\":\"ro-RO\",\"@id\":\"https:\\\/\\\/past.hrportal.md\\\/ro\\\/2019\\\/10\\\/30\\\/profesionisti-hr-experti-cu-renume-si-modificari-analizate-complex-la-cea-de-a-6-a-editie-a-conferintei-legislatia-muncii\\\/#primaryimage\",\"url\":\"https:\\\/\\\/past.hrportal.md\\\/wp-content\\\/uploads\\\/2019\\\/10\\\/IMG_3243-1.jpg\",\"contentUrl\":\"https:\\\/\\\/past.hrportal.md\\\/wp-content\\\/uploads\\\/2019\\\/10\\\/IMG_3243-1.jpg\",\"width\":1200,\"height\":800,\"caption\":\"\u0410\u0443\u0442\u0441\u043e\u0440\u0442\u0438\u043d\u0433 \u0438 \u0443\u043f\u0440\u0430\u0432\u043b\u0435\u043d\u0438\u0435 \u043f\u0435\u0440\u0441\u043e\u043d\u0430\u043b\u043e\u043c \u0432 \u041c\u043e\u043b\u0434\u043e\u0432\u0435\"},{\"@type\":\"BreadcrumbList\",\"@id\":\"https:\\\/\\\/past.hrportal.md\\\/ro\\\/2019\\\/10\\\/30\\\/profesionisti-hr-experti-cu-renume-si-modificari-analizate-complex-la-cea-de-a-6-a-editie-a-conferintei-legislatia-muncii\\\/#breadcrumb\",\"itemListElement\":[{\"@type\":\"ListItem\",\"position\":1,\"name\":\"Prima pagin\u0103\",\"item\":\"https:\\\/\\\/past.hrportal.md\\\/ro\\\/\"},{\"@type\":\"ListItem\",\"position\":2,\"name\":\"Profesioni\u0219ti HR, exper\u021bi cu renume \u0219i modific\u0103ri analizate complex la cea de-a 6-a edi\u021bie a Conferin\u021bei Legisla\u021bia Muncii\"}]},{\"@type\":\"WebSite\",\"@id\":\"https:\\\/\\\/past.hrportal.md\\\/ro\\\/#website\",\"url\":\"https:\\\/\\\/past.hrportal.md\\\/ro\\\/\",\"name\":\"HRPortal\",\"description\":\"Cursuri de instruire \u0219i consultan\u021b\u0103 \u00een managementul resurselor umane\",\"potentialAction\":[{\"@type\":\"SearchAction\",\"target\":{\"@type\":\"EntryPoint\",\"urlTemplate\":\"https:\\\/\\\/past.hrportal.md\\\/ro\\\/?s={search_term_string}\"},\"query-input\":{\"@type\":\"PropertyValueSpecification\",\"valueRequired\":true,\"valueName\":\"search_term_string\"}}],\"inLanguage\":\"ro-RO\"},{\"@type\":\"Person\",\"@id\":\"https:\\\/\\\/past.hrportal.md\\\/ro\\\/#\\\/schema\\\/person\\\/06306f2aa6359b7fe7c1ab71e15f3494\",\"name\":\"HREditor\",\"image\":{\"@type\":\"ImageObject\",\"inLanguage\":\"ro-RO\",\"@id\":\"https:\\\/\\\/secure.gravatar.com\\\/avatar\\\/b0501a9084b38562388f12f212a3c10ff897016c950bace808659705e4d45ee4?s=96&d=mm&r=g\",\"url\":\"https:\\\/\\\/secure.gravatar.com\\\/avatar\\\/b0501a9084b38562388f12f212a3c10ff897016c950bace808659705e4d45ee4?s=96&d=mm&r=g\",\"contentUrl\":\"https:\\\/\\\/secure.gravatar.com\\\/avatar\\\/b0501a9084b38562388f12f212a3c10ff897016c950bace808659705e4d45ee4?s=96&d=mm&r=g\",\"caption\":\"HREditor\"},\"sameAs\":[\"https:\\\/\\\/www.facebook.com\\\/hr.portal.1\\\/\",\"https:\\\/\\\/www.instagram.com\\\/hrportal.md\\\/\"],\"url\":\"https:\\\/\\\/past.hrportal.md\\\/ro\\\/author\\\/hreditor\\\/\"}]}<\/script>\n<!-- \/ Yoast SEO plugin. -->","yoast_head_json":{"title":"Profesioni\u0219ti HR, exper\u021bi cu renume \u0219i modific\u0103ri analizate complex la cea de-a 6-a edi\u021bie a Conferin\u021bei Legisla\u021bia Muncii | HRPortal","robots":{"index":"index","follow":"follow","max-snippet":"max-snippet:-1","max-image-preview":"max-image-preview:large","max-video-preview":"max-video-preview:-1"},"canonical":"https:\/\/past.hrportal.md\/ro\/2019\/10\/30\/profesionisti-hr-experti-cu-renume-si-modificari-analizate-complex-la-cea-de-a-6-a-editie-a-conferintei-legislatia-muncii\/","og_locale":"ro_RO","og_type":"article","og_title":"Profesioni\u0219ti HR, exper\u021bi cu renume \u0219i modific\u0103ri analizate complex la cea de-a 6-a edi\u021bie a Conferin\u021bei Legisla\u021bia Muncii | HRPortal","og_description":"Domeniul legisla\u021biei din Republica Moldova \u0219i-a demonstrat de-a lungul anilor tendin\u021ba de a fi surprinz\u0103tor...","og_url":"https:\/\/past.hrportal.md\/ro\/2019\/10\/30\/profesionisti-hr-experti-cu-renume-si-modificari-analizate-complex-la-cea-de-a-6-a-editie-a-conferintei-legislatia-muncii\/","og_site_name":"HRPortal","article_author":"https:\/\/www.facebook.com\/hr.portal.1\/","article_published_time":"2019-10-30T08:13:36+00:00","article_modified_time":"2019-12-18T22:08:32+00:00","og_image":[{"width":1200,"height":800,"url":"https:\/\/past.hrportal.md\/wp-content\/uploads\/2019\/10\/IMG_3243-1.jpg","type":"image\/jpeg"}],"author":"HREditor","twitter_card":"summary_large_image","twitter_misc":{"Scris de":"HREditor","Timp estimat pentru citire":"3 minute"},"schema":{"@context":"https:\/\/schema.org","@graph":[{"@type":"Article","@id":"https:\/\/past.hrportal.md\/ro\/2019\/10\/30\/profesionisti-hr-experti-cu-renume-si-modificari-analizate-complex-la-cea-de-a-6-a-editie-a-conferintei-legislatia-muncii\/#article","isPartOf":{"@id":"https:\/\/past.hrportal.md\/ro\/2019\/10\/30\/profesionisti-hr-experti-cu-renume-si-modificari-analizate-complex-la-cea-de-a-6-a-editie-a-conferintei-legislatia-muncii\/"},"author":{"name":"HREditor","@id":"https:\/\/past.hrportal.md\/ro\/#\/schema\/person\/06306f2aa6359b7fe7c1ab71e15f3494"},"headline":"Profesioni\u0219ti HR, exper\u021bi cu renume \u0219i modific\u0103ri analizate complex la cea de-a 6-a edi\u021bie a Conferin\u021bei Legisla\u021bia Muncii","datePublished":"2019-10-30T08:13:36+00:00","dateModified":"2019-12-18T22:08:32+00:00","mainEntityOfPage":{"@id":"https:\/\/past.hrportal.md\/ro\/2019\/10\/30\/profesionisti-hr-experti-cu-renume-si-modificari-analizate-complex-la-cea-de-a-6-a-editie-a-conferintei-legislatia-muncii\/"},"wordCount":539,"commentCount":0,"image":{"@id":"https:\/\/past.hrportal.md\/ro\/2019\/10\/30\/profesionisti-hr-experti-cu-renume-si-modificari-analizate-complex-la-cea-de-a-6-a-editie-a-conferintei-legislatia-muncii\/#primaryimage"},"thumbnailUrl":"https:\/\/past.hrportal.md\/wp-content\/uploads\/2019\/10\/IMG_3243-1.jpg","articleSection":["Blog"],"inLanguage":"ro-RO"},{"@type":"WebPage","@id":"https:\/\/past.hrportal.md\/ro\/2019\/10\/30\/profesionisti-hr-experti-cu-renume-si-modificari-analizate-complex-la-cea-de-a-6-a-editie-a-conferintei-legislatia-muncii\/","url":"https:\/\/past.hrportal.md\/ro\/2019\/10\/30\/profesionisti-hr-experti-cu-renume-si-modificari-analizate-complex-la-cea-de-a-6-a-editie-a-conferintei-legislatia-muncii\/","name":"Profesioni\u0219ti HR, exper\u021bi cu renume \u0219i modific\u0103ri analizate complex la cea de-a 6-a edi\u021bie a Conferin\u021bei Legisla\u021bia Muncii | HRPortal","isPartOf":{"@id":"https:\/\/past.hrportal.md\/ro\/#website"},"primaryImageOfPage":{"@id":"https:\/\/past.hrportal.md\/ro\/2019\/10\/30\/profesionisti-hr-experti-cu-renume-si-modificari-analizate-complex-la-cea-de-a-6-a-editie-a-conferintei-legislatia-muncii\/#primaryimage"},"image":{"@id":"https:\/\/past.hrportal.md\/ro\/2019\/10\/30\/profesionisti-hr-experti-cu-renume-si-modificari-analizate-complex-la-cea-de-a-6-a-editie-a-conferintei-legislatia-muncii\/#primaryimage"},"thumbnailUrl":"https:\/\/past.hrportal.md\/wp-content\/uploads\/2019\/10\/IMG_3243-1.jpg","datePublished":"2019-10-30T08:13:36+00:00","dateModified":"2019-12-18T22:08:32+00:00","author":{"@id":"https:\/\/past.hrportal.md\/ro\/#\/schema\/person\/06306f2aa6359b7fe7c1ab71e15f3494"},"breadcrumb":{"@id":"https:\/\/past.hrportal.md\/ro\/2019\/10\/30\/profesionisti-hr-experti-cu-renume-si-modificari-analizate-complex-la-cea-de-a-6-a-editie-a-conferintei-legislatia-muncii\/#breadcrumb"},"inLanguage":"ro-RO","potentialAction":[{"@type":"ReadAction","target":["https:\/\/past.hrportal.md\/ro\/2019\/10\/30\/profesionisti-hr-experti-cu-renume-si-modificari-analizate-complex-la-cea-de-a-6-a-editie-a-conferintei-legislatia-muncii\/"]}]},{"@type":"ImageObject","inLanguage":"ro-RO","@id":"https:\/\/past.hrportal.md\/ro\/2019\/10\/30\/profesionisti-hr-experti-cu-renume-si-modificari-analizate-complex-la-cea-de-a-6-a-editie-a-conferintei-legislatia-muncii\/#primaryimage","url":"https:\/\/past.hrportal.md\/wp-content\/uploads\/2019\/10\/IMG_3243-1.jpg","contentUrl":"https:\/\/past.hrportal.md\/wp-content\/uploads\/2019\/10\/IMG_3243-1.jpg","width":1200,"height":800,"caption":"\u0410\u0443\u0442\u0441\u043e\u0440\u0442\u0438\u043d\u0433 \u0438 \u0443\u043f\u0440\u0430\u0432\u043b\u0435\u043d\u0438\u0435 \u043f\u0435\u0440\u0441\u043e\u043d\u0430\u043b\u043e\u043c \u0432 \u041c\u043e\u043b\u0434\u043e\u0432\u0435"},{"@type":"BreadcrumbList","@id":"https:\/\/past.hrportal.md\/ro\/2019\/10\/30\/profesionisti-hr-experti-cu-renume-si-modificari-analizate-complex-la-cea-de-a-6-a-editie-a-conferintei-legislatia-muncii\/#breadcrumb","itemListElement":[{"@type":"ListItem","position":1,"name":"Prima pagin\u0103","item":"https:\/\/past.hrportal.md\/ro\/"},{"@type":"ListItem","position":2,"name":"Profesioni\u0219ti HR, exper\u021bi cu renume \u0219i modific\u0103ri analizate complex la cea de-a 6-a edi\u021bie a Conferin\u021bei Legisla\u021bia Muncii"}]},{"@type":"WebSite","@id":"https:\/\/past.hrportal.md\/ro\/#website","url":"https:\/\/past.hrportal.md\/ro\/","name":"HRPortal","description":"Cursuri de instruire \u0219i consultan\u021b\u0103 \u00een managementul resurselor umane","potentialAction":[{"@type":"SearchAction","target":{"@type":"EntryPoint","urlTemplate":"https:\/\/past.hrportal.md\/ro\/?s={search_term_string}"},"query-input":{"@type":"PropertyValueSpecification","valueRequired":true,"valueName":"search_term_string"}}],"inLanguage":"ro-RO"},{"@type":"Person","@id":"https:\/\/past.hrportal.md\/ro\/#\/schema\/person\/06306f2aa6359b7fe7c1ab71e15f3494","name":"HREditor","image":{"@type":"ImageObject","inLanguage":"ro-RO","@id":"https:\/\/secure.gravatar.com\/avatar\/b0501a9084b38562388f12f212a3c10ff897016c950bace808659705e4d45ee4?s=96&d=mm&r=g","url":"https:\/\/secure.gravatar.com\/avatar\/b0501a9084b38562388f12f212a3c10ff897016c950bace808659705e4d45ee4?s=96&d=mm&r=g","contentUrl":"https:\/\/secure.gravatar.com\/avatar\/b0501a9084b38562388f12f212a3c10ff897016c950bace808659705e4d45ee4?s=96&d=mm&r=g","caption":"HREditor"},"sameAs":["https:\/\/www.facebook.com\/hr.portal.1\/","https:\/\/www.instagram.com\/hrportal.md\/"],"url":"https:\/\/past.hrportal.md\/ro\/author\/hreditor\/"}]}},"_links":{"self":[{"href":"https:\/\/past.hrportal.md\/ro\/wp-json\/wp\/v2\/posts\/8136","targetHints":{"allow":["GET"]}}],"collection":[{"href":"https:\/\/past.hrportal.md\/ro\/wp-json\/wp\/v2\/posts"}],"about":[{"href":"https:\/\/past.hrportal.md\/ro\/wp-json\/wp\/v2\/types\/post"}],"author":[{"embeddable":true,"href":"https:\/\/past.hrportal.md\/ro\/wp-json\/wp\/v2\/users\/5"}],"replies":[{"embeddable":true,"href":"https:\/\/past.hrportal.md\/ro\/wp-json\/wp\/v2\/comments?post=8136"}],"version-history":[{"count":0,"href":"https:\/\/past.hrportal.md\/ro\/wp-json\/wp\/v2\/posts\/8136\/revisions"}],"wp:featuredmedia":[{"embeddable":true,"href":"https:\/\/past.hrportal.md\/ro\/wp-json\/wp\/v2\/media\/8649"}],"wp:attachment":[{"href":"https:\/\/past.hrportal.md\/ro\/wp-json\/wp\/v2\/media?parent=8136"}],"wp:term":[{"taxonomy":"category","embeddable":true,"href":"https:\/\/past.hrportal.md\/ro\/wp-json\/wp\/v2\/categories?post=8136"},{"taxonomy":"post_tag","embeddable":true,"href":"https:\/\/past.hrportal.md\/ro\/wp-json\/wp\/v2\/tags?post=8136"}],"curies":[{"name":"wp","href":"https:\/\/api.w.org\/{rel}","templated":true}]}}