{"id":8583,"date":"2019-12-11T10:48:41","date_gmt":"2019-12-11T07:48:41","guid":{"rendered":"https:\/\/past.hrportal.md\/?p=8583"},"modified":"2022-03-07T16:22:42","modified_gmt":"2022-03-07T13:22:42","slug":"8583","status":"publish","type":"post","link":"https:\/\/past.hrportal.md\/ro\/2019\/12\/11\/8583\/","title":{"rendered":"Seminar practic: Protec\u021bia datelor cu caracter personal \u00een  ONG"},"content":{"rendered":"<p><strong>Vom aborda toate aspectele ce \u021bin de domeniul protec\u021biei datelor cu caracter personal \u00een ONG.<\/strong><\/p>\n<p><strong>\u00cen program:<\/strong><\/p>\n<p><strong>ASPECTE TEORETICE:<\/strong><\/p>\n<p><strong>CADRU LEGAL:<\/strong><\/p>\n<ul>\n<li><strong>Legea privind protec\u021bia datelor cu caracter personal;<\/strong><\/li>\n<li><strong>Regulamentul General privind Protec\u021bia Datelor (GDPR)<\/strong><\/li>\n<\/ul>\n<p><strong>ASPECTE PRACTICE<\/strong><\/p>\n<ul>\n<li><strong>Cum trebuie prelucrate datele personale \u00een ONG, supravegherea video la locul de munc\u0103, stocarea \u0219i transmiterea c\u0103tre ter\u021bi etc. \u00een cadrul unui ONG.<\/strong><\/li>\n<li><strong>Drepturile angaja\u021bilor;<\/strong><\/li>\n<li><strong>Obliga\u021biile angajatorilor;<\/strong><\/li>\n<li><strong>\u00cenregistrarea ca operator de date cu caracter personal;<\/strong><\/li>\n<li><strong>Responsabilul de protec\u021bia datelor;<\/strong><\/li>\n<li><strong>R\u0103spunderea pentru \u00eenc\u0103lcarea principiilor de protec\u021bie a datelor cu caracter personal;<\/strong><\/li>\n<li><strong>Reglementarea sistemelor de eviden\u021b\u0103;<\/strong><\/li>\n<li><strong>Cele mai des \u00eent\u00e2lnite \u00eenc\u0103lc\u0103ri admise de c\u0103tre operatori la prelucrarea datelor;<\/strong><\/li>\n<li><strong>Momente specifice de implementare a legisla\u021biei \u00een ONG.<\/strong><\/li>\n<\/ul>\n<p><strong>FORMATOR \u2013 Dl. SERGIU BOZIANU- Pre\u0219edintele Asocia\u021biei pentru Protec\u021bia Vie\u021bii Private.<\/strong><\/p>\n<p><strong>Data: 11 Decembrie, ora 9.00-14.00<\/strong><\/p>\n<p><strong>Loca\u021bia: str. M-t Varlaam,65, bir. 327<\/strong><\/p>\n<p><strong>Pre\u021bul: 649 lei<\/strong><\/p>\n<p style=\"text-align: center;\"><strong><a href=\"https:\/\/l.facebook.com\/l.php?u=https%3A%2F%2Fbit.ly%2F2X2WurP%3Ffbclid%3DIwAR0MxK_Srobw0SkxFev693sV7s2vLMKRIInpyMa6GpycaWmGsKeBDBjbwbs&amp;h=AT3svbaCATh6afkr_dkCas5OAN8oLv4Ab1MczkLiy_gg4In7MTcjEx4NMGSAlJS9WFlN9zzbdXEFQS8ri5wzl3W_PJnbO_wuwDUo44MQk7kOADKbFcFP7Wkf7xIStjzfs4Y\">\u00ceNREGISTRARE AICI!!!<\/a><\/strong><\/p>\n<p style=\"text-align: center;\"><strong>INFORMA\u021aII SUPLIMENTARE: 060840041!<\/strong><\/p>\n","protected":false},"excerpt":{"rendered":"<p>Vom aborda toate aspectele ce \u021bin de domeniul protec\u021biei datelor cu caracter personal \u00een ONG&#8230;.<\/p>\n","protected":false},"author":5,"featured_media":0,"comment_status":"closed","ping_status":"closed","sticky":false,"template":"","format":"standard","meta":{"footnotes":""},"categories":[54,3,57,59],"tags":[],"class_list":["post-8583","post","type-post","status-publish","format-standard","hentry","category-evenimente","category-events","category-hrpro","category-hrstart"],"yoast_head":"<!-- This site is optimized with the Yoast SEO plugin v27.5 - https:\/\/yoast.com\/product\/yoast-seo-wordpress\/ -->\n<title>Seminar practic: Protec\u021bia datelor cu caracter personal \u00een ONG | HRPortal<\/title>\n<meta name=\"robots\" content=\"index, follow, max-snippet:-1, max-image-preview:large, max-video-preview:-1\" \/>\n<link rel=\"canonical\" href=\"https:\/\/past.hrportal.md\/ro\/2019\/12\/11\/8583\/\" \/>\n<meta property=\"og:locale\" content=\"ro_RO\" \/>\n<meta property=\"og:type\" content=\"article\" \/>\n<meta property=\"og:title\" content=\"Seminar practic: Protec\u021bia datelor cu caracter personal \u00een ONG | HRPortal\" \/>\n<meta property=\"og:description\" content=\"Vom aborda toate aspectele ce \u021bin de domeniul protec\u021biei datelor cu caracter personal \u00een ONG....\" \/>\n<meta property=\"og:url\" content=\"https:\/\/past.hrportal.md\/ro\/2019\/12\/11\/8583\/\" \/>\n<meta property=\"og:site_name\" content=\"HRPortal\" \/>\n<meta property=\"article:author\" content=\"https:\/\/www.facebook.com\/hr.portal.1\/\" \/>\n<meta property=\"article:published_time\" content=\"2019-12-11T07:48:41+00:00\" \/>\n<meta property=\"article:modified_time\" content=\"2022-03-07T13:22:42+00:00\" \/>\n<meta name=\"author\" content=\"HREditor\" \/>\n<meta name=\"twitter:card\" content=\"summary_large_image\" \/>\n<meta name=\"twitter:label1\" content=\"Scris de\" \/>\n\t<meta name=\"twitter:data1\" content=\"HREditor\" \/>\n\t<meta name=\"twitter:label2\" content=\"Timp estimat pentru citire\" \/>\n\t<meta name=\"twitter:data2\" content=\"1 minut\" \/>\n<script type=\"application\/ld+json\" class=\"yoast-schema-graph\">{\"@context\":\"https:\\\/\\\/schema.org\",\"@graph\":[{\"@type\":\"Article\",\"@id\":\"https:\\\/\\\/past.hrportal.md\\\/ro\\\/2019\\\/12\\\/11\\\/8583\\\/#article\",\"isPartOf\":{\"@id\":\"https:\\\/\\\/past.hrportal.md\\\/ro\\\/2019\\\/12\\\/11\\\/8583\\\/\"},\"author\":{\"name\":\"HREditor\",\"@id\":\"http:\\\/\\\/past.hrportal.md\\\/ro\\\/#\\\/schema\\\/person\\\/06306f2aa6359b7fe7c1ab71e15f3494\"},\"headline\":\"Seminar practic: Protec\u021bia datelor cu caracter personal \u00een ONG\",\"datePublished\":\"2019-12-11T07:48:41+00:00\",\"dateModified\":\"2022-03-07T13:22:42+00:00\",\"mainEntityOfPage\":{\"@id\":\"https:\\\/\\\/past.hrportal.md\\\/ro\\\/2019\\\/12\\\/11\\\/8583\\\/\"},\"wordCount\":168,\"articleSection\":[\"Evenimente\",\"Events\",\"HR Professional\",\"HR Start\"],\"inLanguage\":\"ro-RO\"},{\"@type\":\"WebPage\",\"@id\":\"https:\\\/\\\/past.hrportal.md\\\/ro\\\/2019\\\/12\\\/11\\\/8583\\\/\",\"url\":\"https:\\\/\\\/past.hrportal.md\\\/ro\\\/2019\\\/12\\\/11\\\/8583\\\/\",\"name\":\"Seminar practic: Protec\u021bia datelor cu caracter personal \u00een ONG | HRPortal\",\"isPartOf\":{\"@id\":\"http:\\\/\\\/past.hrportal.md\\\/ro\\\/#website\"},\"datePublished\":\"2019-12-11T07:48:41+00:00\",\"dateModified\":\"2022-03-07T13:22:42+00:00\",\"author\":{\"@id\":\"http:\\\/\\\/past.hrportal.md\\\/ro\\\/#\\\/schema\\\/person\\\/06306f2aa6359b7fe7c1ab71e15f3494\"},\"breadcrumb\":{\"@id\":\"https:\\\/\\\/past.hrportal.md\\\/ro\\\/2019\\\/12\\\/11\\\/8583\\\/#breadcrumb\"},\"inLanguage\":\"ro-RO\",\"potentialAction\":[{\"@type\":\"ReadAction\",\"target\":[\"https:\\\/\\\/past.hrportal.md\\\/ro\\\/2019\\\/12\\\/11\\\/8583\\\/\"]}]},{\"@type\":\"BreadcrumbList\",\"@id\":\"https:\\\/\\\/past.hrportal.md\\\/ro\\\/2019\\\/12\\\/11\\\/8583\\\/#breadcrumb\",\"itemListElement\":[{\"@type\":\"ListItem\",\"position\":1,\"name\":\"Prima pagin\u0103\",\"item\":\"https:\\\/\\\/past.hrportal.md\\\/ro\\\/\"},{\"@type\":\"ListItem\",\"position\":2,\"name\":\"Seminar practic: Protec\u021bia datelor cu caracter personal \u00een ONG\"}]},{\"@type\":\"WebSite\",\"@id\":\"http:\\\/\\\/past.hrportal.md\\\/ro\\\/#website\",\"url\":\"http:\\\/\\\/past.hrportal.md\\\/ro\\\/\",\"name\":\"HRPortal\",\"description\":\"Cursuri de instruire \u0219i consultan\u021b\u0103 \u00een managementul resurselor umane\",\"potentialAction\":[{\"@type\":\"SearchAction\",\"target\":{\"@type\":\"EntryPoint\",\"urlTemplate\":\"http:\\\/\\\/past.hrportal.md\\\/ro\\\/?s={search_term_string}\"},\"query-input\":{\"@type\":\"PropertyValueSpecification\",\"valueRequired\":true,\"valueName\":\"search_term_string\"}}],\"inLanguage\":\"ro-RO\"},{\"@type\":\"Person\",\"@id\":\"http:\\\/\\\/past.hrportal.md\\\/ro\\\/#\\\/schema\\\/person\\\/06306f2aa6359b7fe7c1ab71e15f3494\",\"name\":\"HREditor\",\"image\":{\"@type\":\"ImageObject\",\"inLanguage\":\"ro-RO\",\"@id\":\"https:\\\/\\\/secure.gravatar.com\\\/avatar\\\/b0501a9084b38562388f12f212a3c10ff897016c950bace808659705e4d45ee4?s=96&d=mm&r=g\",\"url\":\"https:\\\/\\\/secure.gravatar.com\\\/avatar\\\/b0501a9084b38562388f12f212a3c10ff897016c950bace808659705e4d45ee4?s=96&d=mm&r=g\",\"contentUrl\":\"https:\\\/\\\/secure.gravatar.com\\\/avatar\\\/b0501a9084b38562388f12f212a3c10ff897016c950bace808659705e4d45ee4?s=96&d=mm&r=g\",\"caption\":\"HREditor\"},\"sameAs\":[\"https:\\\/\\\/www.facebook.com\\\/hr.portal.1\\\/\",\"https:\\\/\\\/www.instagram.com\\\/hrportal.md\\\/\"],\"url\":\"https:\\\/\\\/past.hrportal.md\\\/ro\\\/author\\\/hreditor\\\/\"}]}<\/script>\n<!-- \/ Yoast SEO plugin. -->","yoast_head_json":{"title":"Seminar practic: Protec\u021bia datelor cu caracter personal \u00een ONG | HRPortal","robots":{"index":"index","follow":"follow","max-snippet":"max-snippet:-1","max-image-preview":"max-image-preview:large","max-video-preview":"max-video-preview:-1"},"canonical":"https:\/\/past.hrportal.md\/ro\/2019\/12\/11\/8583\/","og_locale":"ro_RO","og_type":"article","og_title":"Seminar practic: Protec\u021bia datelor cu caracter personal \u00een ONG | HRPortal","og_description":"Vom aborda toate aspectele ce \u021bin de domeniul protec\u021biei datelor cu caracter personal \u00een ONG....","og_url":"https:\/\/past.hrportal.md\/ro\/2019\/12\/11\/8583\/","og_site_name":"HRPortal","article_author":"https:\/\/www.facebook.com\/hr.portal.1\/","article_published_time":"2019-12-11T07:48:41+00:00","article_modified_time":"2022-03-07T13:22:42+00:00","author":"HREditor","twitter_card":"summary_large_image","twitter_misc":{"Scris de":"HREditor","Timp estimat pentru citire":"1 minut"},"schema":{"@context":"https:\/\/schema.org","@graph":[{"@type":"Article","@id":"https:\/\/past.hrportal.md\/ro\/2019\/12\/11\/8583\/#article","isPartOf":{"@id":"https:\/\/past.hrportal.md\/ro\/2019\/12\/11\/8583\/"},"author":{"name":"HREditor","@id":"http:\/\/past.hrportal.md\/ro\/#\/schema\/person\/06306f2aa6359b7fe7c1ab71e15f3494"},"headline":"Seminar practic: Protec\u021bia datelor cu caracter personal \u00een ONG","datePublished":"2019-12-11T07:48:41+00:00","dateModified":"2022-03-07T13:22:42+00:00","mainEntityOfPage":{"@id":"https:\/\/past.hrportal.md\/ro\/2019\/12\/11\/8583\/"},"wordCount":168,"articleSection":["Evenimente","Events","HR Professional","HR Start"],"inLanguage":"ro-RO"},{"@type":"WebPage","@id":"https:\/\/past.hrportal.md\/ro\/2019\/12\/11\/8583\/","url":"https:\/\/past.hrportal.md\/ro\/2019\/12\/11\/8583\/","name":"Seminar practic: Protec\u021bia datelor cu caracter personal \u00een ONG | HRPortal","isPartOf":{"@id":"http:\/\/past.hrportal.md\/ro\/#website"},"datePublished":"2019-12-11T07:48:41+00:00","dateModified":"2022-03-07T13:22:42+00:00","author":{"@id":"http:\/\/past.hrportal.md\/ro\/#\/schema\/person\/06306f2aa6359b7fe7c1ab71e15f3494"},"breadcrumb":{"@id":"https:\/\/past.hrportal.md\/ro\/2019\/12\/11\/8583\/#breadcrumb"},"inLanguage":"ro-RO","potentialAction":[{"@type":"ReadAction","target":["https:\/\/past.hrportal.md\/ro\/2019\/12\/11\/8583\/"]}]},{"@type":"BreadcrumbList","@id":"https:\/\/past.hrportal.md\/ro\/2019\/12\/11\/8583\/#breadcrumb","itemListElement":[{"@type":"ListItem","position":1,"name":"Prima pagin\u0103","item":"https:\/\/past.hrportal.md\/ro\/"},{"@type":"ListItem","position":2,"name":"Seminar practic: Protec\u021bia datelor cu caracter personal \u00een ONG"}]},{"@type":"WebSite","@id":"http:\/\/past.hrportal.md\/ro\/#website","url":"http:\/\/past.hrportal.md\/ro\/","name":"HRPortal","description":"Cursuri de instruire \u0219i consultan\u021b\u0103 \u00een managementul resurselor umane","potentialAction":[{"@type":"SearchAction","target":{"@type":"EntryPoint","urlTemplate":"http:\/\/past.hrportal.md\/ro\/?s={search_term_string}"},"query-input":{"@type":"PropertyValueSpecification","valueRequired":true,"valueName":"search_term_string"}}],"inLanguage":"ro-RO"},{"@type":"Person","@id":"http:\/\/past.hrportal.md\/ro\/#\/schema\/person\/06306f2aa6359b7fe7c1ab71e15f3494","name":"HREditor","image":{"@type":"ImageObject","inLanguage":"ro-RO","@id":"https:\/\/secure.gravatar.com\/avatar\/b0501a9084b38562388f12f212a3c10ff897016c950bace808659705e4d45ee4?s=96&d=mm&r=g","url":"https:\/\/secure.gravatar.com\/avatar\/b0501a9084b38562388f12f212a3c10ff897016c950bace808659705e4d45ee4?s=96&d=mm&r=g","contentUrl":"https:\/\/secure.gravatar.com\/avatar\/b0501a9084b38562388f12f212a3c10ff897016c950bace808659705e4d45ee4?s=96&d=mm&r=g","caption":"HREditor"},"sameAs":["https:\/\/www.facebook.com\/hr.portal.1\/","https:\/\/www.instagram.com\/hrportal.md\/"],"url":"https:\/\/past.hrportal.md\/ro\/author\/hreditor\/"}]}},"_links":{"self":[{"href":"https:\/\/past.hrportal.md\/ro\/wp-json\/wp\/v2\/posts\/8583","targetHints":{"allow":["GET"]}}],"collection":[{"href":"https:\/\/past.hrportal.md\/ro\/wp-json\/wp\/v2\/posts"}],"about":[{"href":"https:\/\/past.hrportal.md\/ro\/wp-json\/wp\/v2\/types\/post"}],"author":[{"embeddable":true,"href":"https:\/\/past.hrportal.md\/ro\/wp-json\/wp\/v2\/users\/5"}],"replies":[{"embeddable":true,"href":"https:\/\/past.hrportal.md\/ro\/wp-json\/wp\/v2\/comments?post=8583"}],"version-history":[{"count":0,"href":"https:\/\/past.hrportal.md\/ro\/wp-json\/wp\/v2\/posts\/8583\/revisions"}],"wp:attachment":[{"href":"https:\/\/past.hrportal.md\/ro\/wp-json\/wp\/v2\/media?parent=8583"}],"wp:term":[{"taxonomy":"category","embeddable":true,"href":"https:\/\/past.hrportal.md\/ro\/wp-json\/wp\/v2\/categories?post=8583"},{"taxonomy":"post_tag","embeddable":true,"href":"https:\/\/past.hrportal.md\/ro\/wp-json\/wp\/v2\/tags?post=8583"}],"curies":[{"name":"wp","href":"https:\/\/api.w.org\/{rel}","templated":true}]}}